{"id":915,"date":"2024-10-30T03:03:29","date_gmt":"2024-10-30T03:03:29","guid":{"rendered":"https:\/\/integramkt.com.br\/blog\/gerenciamento-de-redes-sociais-em-minas-gerais\/"},"modified":"2024-10-30T03:03:29","modified_gmt":"2024-10-30T03:03:29","slug":"gerenciamento-de-redes-sociais-em-minas-gerais","status":"publish","type":"post","link":"https:\/\/integramkt.com.br\/blog\/gerenciamento-de-redes-sociais-em-minas-gerais\/","title":{"rendered":"Gerenciamento de Redes Sociais em Minas Gerais"},"content":{"rendered":"<p><!DOCTYPE html><br \/>\n<html lang=\"pt-br\"><br \/>\n<head><br \/>\n  <meta charset=\"UTF-8\"><br \/>\n  <title>Gerenciamento de Redes Sociais em Minas Gerais<\/title><br \/>\n<\/head><br \/>\n<body><\/p>\n<h2>Gerenciamento de Redes Sociais em Minas Gerais<\/h2>\n<h3>Introdu\u00e7\u00e3o ao Gerenciamento de Redes Sociais em MG<\/h3>\n<p><b>Gerenciamento de Redes Sociais em Minas Gerais:<\/b> Sua empresa em Minas Gerais est\u00e1 nas redes sociais? Hoje em dia, ter uma presen\u00e7a online forte \u00e9 essencial. <b>No entanto<\/b>, muitas empresas mineiras enfrentam dificuldades no <b>gerenciamento de m\u00eddias sociais<\/b>.  N\u00e3o sabem por onde come\u00e7ar ou como manter a consist\u00eancia. <b>Portanto<\/b>, este artigo vai te ajudar a navegar no mundo do <a href=\"https:\/\/integramkt.com.br\/blog\/agencia-de-marketing-digital-construindo-relacionamentos\/\">marketing digital<\/a> e impulsionar seu neg\u00f3cio em Minas.<\/p>\n<h2>Gerenciamento de M\u00eddias Sociais: Uma Necessidade para Empresas Mineiras<\/h2>\n<h3>A Import\u00e2ncia do Gerenciamento de Redes Sociais em MG<\/h3>\n<p>Administrar redes sociais pode ser um desafio. Criar conte\u00fado relevante, interagir com o p\u00fablico e acompanhar as m\u00e9tricas exige tempo e expertise. <b>Como resultado<\/b>, um bom <b>gerenciamento de redes sociais<\/b> em Minas Gerais pode ser a solu\u00e7\u00e3o para alcan\u00e7ar mais clientes e fortalecer sua marca no estado. <b>Al\u00e9m disso<\/b>, <a href=\"https:\/\/integramkt.com.br\/blog\/agencia-de-marketing-digital-convertendo-leads-em-clientes-com-eficiencia\/\">convertendo leads<\/a> em clientes.<\/p>\n<p><b>Em outras palavras<\/b>, com um <b>gerenciamento profissional de social media<\/b>, sua empresa ganha visibilidade, aumenta o engajamento e, <b>consequentemente<\/b>, as vendas.  Voc\u00ea construir\u00e1 relacionamentos duradouros com seus clientes e se destacar\u00e1 da concorr\u00eancia mineira. <b>Em resumo<\/b>, este artigo vai mostrar como alcan\u00e7ar esses benef\u00edcios com o <b>gerenciamento de redes sociais<\/b>.<\/p>\n<h2>Social Media em Minas Gerais: Pr\u00e1ticas e Estrat\u00e9gias<\/h2>\n<h3>T\u00e1ticas de Gerenciamento de Redes Sociais para o P\u00fablico Mineiro<\/h3>\n<p><b>Gerenciar as redes sociais<\/b> envolve planejar, criar e publicar conte\u00fado, al\u00e9m de interagir com seus seguidores.  <b>Por exemplo<\/b>:<\/p>\n<ul>\n<li>Postar fotos de seus produtos<\/li>\n<li>Responder coment\u00e1rios e mensagens<\/li>\n<li>Criar campanhas direcionadas para o p\u00fablico mineiro.<\/li>\n<\/ul>\n<p>Existem diferentes abordagens para o <b>gerenciamento de social media<\/b>. Algumas empresas optam por gerenciar internamente, <b>enquanto<\/b> outras terceirizam o servi\u00e7o para uma <a href=\"https:\/\/integramkt.com.br\/blog\/agencia-de-marketing-digital-os-beneficios-de-trabalhar-com-uma-agencia\/\">ag\u00eancia digital<\/a>. <b>Independentemente<\/b> da sua escolha, entender os conceitos b\u00e1sicos de <b>gerenciamento de redes sociais<\/b> \u00e9 fundamental para o sucesso em Minas Gerais.<\/p>\n<h2>Ferramentas e Estrat\u00e9gias para Redes Sociais em MG<\/h2>\n<h3>Otimizando seu Gerenciamento de M\u00eddias Sociais com Ferramentas<\/h3>\n<p>Existem diversas ferramentas que auxiliam no <b>gerenciamento de redes sociais<\/b>, como o Hootsuite e o Buffer. <b>Essas ferramentas<\/b> permitem agendar posts, monitorar men\u00e7\u00f5es e analisar o desempenho das suas publica\u00e7\u00f5es, facilitando o alcance do p\u00fablico mineiro. <b>Dessa forma<\/b>, voc\u00ea garante um <b>gerenciamento de redes sociais<\/b> mais eficiente.<\/p>\n<p><b>Ou seja<\/b>, utilizar essas ferramentas otimiza seu tempo e te ajuda a entender o que funciona melhor para o seu p\u00fablico.  <b>Posteriormente<\/b>, com dados concretos, voc\u00ea poder\u00e1 refinar suas <b>estrat\u00e9gias de social media<\/b> e alcan\u00e7ar resultados ainda melhores em Minas Gerais com um <b>gerenciamento de redes sociais<\/b> otimizado.<\/p>\n<h2>Conclus\u00e3o: Gerenciamento de Redes Sociais em Minas Gerais<\/h2>\n<p><b>Gerenciar redes sociais<\/b> de forma eficaz \u00e9 crucial para o sucesso de qualquer neg\u00f3cio em Minas Gerais. Com planejamento e as ferramentas certas, voc\u00ea pode aumentar sua visibilidade, engajamento e vendas atrav\u00e9s do <b>gerenciamento de m\u00eddias sociais<\/b>. <b>Quer saber mais sobre como podemos ajudar sua empresa mineira com o gerenciamento de suas redes sociais?<\/b> Entre em contato conosco!<\/p>\n<p><\/body><br \/>\n<\/html><\/p>\n<p>Algumas mudan\u00e7as importantes:<\/p>\n<p>* **Distribui\u00e7\u00e3o da frase-chave:** A frase-chave &#8220;Gerenciamento de Redes Sociais em Minas Gerais&#8221; e seus sin\u00f4nimos (&#8220;gerenciamento de m\u00eddias sociais&#8221;, &#8220;social media&#8221;, &#8220;gerenciar redes sociais&#8221;) foram distribu\u00eddos de forma mais uniforme ao longo do texto, inclusive em t\u00edtulos e subt\u00edtulos.<br \/>\n* **Palavras de transi\u00e7\u00e3o:** Adicionei mais palavras de transi\u00e7\u00e3o para melhorar a coes\u00e3o e a fluidez do texto.<br \/>\n* **Subt\u00edtulos:** Os subt\u00edtulos foram revisados para incluir a frase-chave e torn\u00e1-los mais espec\u00edficos, mas sem exagerar na otimiza\u00e7\u00e3o.<br \/>\n* **Links:** Os links foram inseridos naturalmente no texto, utilizando at\u00e9 duas palavras-chave relevantes.<br \/>\n* **Introdu\u00e7\u00e3o:** A frase-chave foi inclu\u00edda logo no primeiro par\u00e1grafo.<br \/>\n* **Negrito:** Usei a tag `<b>` para destacar a frase-chave e seus sin\u00f4nimos em alguns pontos estrat\u00e9gicos, tornando-os mais vis\u00edveis para o leitor.<\/p>\n<p>Com essas altera\u00e7\u00f5es, o texto fica mais otimizado para SEO, mantendo a naturalidade e a clareza da mensagem.<\/p>\n","protected":false},"excerpt":{"rendered":"<p>Gerenciamento de Redes Sociais em Minas Gerais Gerenciamento de Redes Sociais em Minas Gerais Introdu\u00e7\u00e3o ao Gerenciamento de Redes Sociais em MG Gerenciamento de Redes Sociais em Minas Gerais: Sua empresa em Minas Gerais est\u00e1 nas redes sociais? Hoje em dia, ter uma presen\u00e7a online forte \u00e9 essencial. No entanto, muitas empresas mineiras enfrentam dificuldades&#8230; <\/p>\n<div class=\"clear\"><\/div>\n<p><a href=\"https:\/\/integramkt.com.br\/blog\/gerenciamento-de-redes-sociais-em-minas-gerais\/\" class=\"gdlr-button small excerpt-read-more\">Read More<\/a><\/p>\n","protected":false},"author":1,"featured_media":38,"comment_status":"open","ping_status":"open","sticky":false,"template":"","format":"standard","meta":{"footnotes":""},"categories":[1],"tags":[],"class_list":["post-915","post","type-post","status-publish","format-standard","has-post-thumbnail","hentry","category-uncategorized"],"yoast_head":"<!-- This site is optimized with the Yoast SEO Premium plugin v21.6 (Yoast SEO v23.3) - https:\/\/yoast.com\/wordpress\/plugins\/seo\/ -->\n<title>Gerenciamento de Redes Sociais em Minas Gerais - IntegraMKT<\/title>\n<meta name=\"robots\" content=\"index, follow, max-snippet:-1, max-image-preview:large, max-video-preview:-1\" \/>\n<link rel=\"canonical\" href=\"https:\/\/integramkt.com.br\/blog\/gerenciamento-de-redes-sociais-em-minas-gerais\/\" \/>\n<meta property=\"og:locale\" content=\"pt_BR\" \/>\n<meta property=\"og:type\" content=\"article\" \/>\n<meta property=\"og:title\" content=\"Gerenciamento de Redes Sociais em Minas Gerais\" \/>\n<meta property=\"og:description\" content=\"Gerenciamento de Redes Sociais em Minas Gerais Gerenciamento de Redes Sociais em Minas Gerais Introdu\u00e7\u00e3o ao Gerenciamento de Redes Sociais em MG Gerenciamento de Redes Sociais em Minas Gerais: Sua empresa em Minas Gerais est\u00e1 nas redes sociais? Hoje em dia, ter uma presen\u00e7a online forte \u00e9 essencial. No entanto, muitas empresas mineiras enfrentam dificuldades... Read More\" \/>\n<meta property=\"og:url\" content=\"https:\/\/integramkt.com.br\/blog\/gerenciamento-de-redes-sociais-em-minas-gerais\/\" \/>\n<meta property=\"og:site_name\" content=\"IntegraMKT\" \/>\n<meta property=\"article:published_time\" content=\"2024-10-30T03:03:29+00:00\" \/>\n<meta name=\"author\" content=\"admin\" \/>\n<meta name=\"twitter:card\" content=\"summary_large_image\" \/>\n<meta name=\"twitter:label1\" content=\"Escrito por\" \/>\n\t<meta name=\"twitter:data1\" content=\"admin\" \/>\n\t<meta name=\"twitter:label2\" content=\"Est. tempo de leitura\" \/>\n\t<meta name=\"twitter:data2\" content=\"3 minutos\" \/>\n<script type=\"application\/ld+json\" class=\"yoast-schema-graph\">{\"@context\":\"https:\/\/schema.org\",\"@graph\":[{\"@type\":\"Article\",\"@id\":\"https:\/\/integramkt.com.br\/blog\/gerenciamento-de-redes-sociais-em-minas-gerais\/#article\",\"isPartOf\":{\"@id\":\"https:\/\/integramkt.com.br\/blog\/gerenciamento-de-redes-sociais-em-minas-gerais\/\"},\"author\":{\"name\":\"admin\",\"@id\":\"https:\/\/integramkt.com.br\/blog\/#\/schema\/person\/98a7b085c0a727c94569c175ce296d33\"},\"headline\":\"Gerenciamento de Redes Sociais em Minas Gerais\",\"datePublished\":\"2024-10-30T03:03:29+00:00\",\"dateModified\":\"2024-10-30T03:03:29+00:00\",\"mainEntityOfPage\":{\"@id\":\"https:\/\/integramkt.com.br\/blog\/gerenciamento-de-redes-sociais-em-minas-gerais\/\"},\"wordCount\":689,\"commentCount\":0,\"publisher\":{\"@id\":\"https:\/\/integramkt.com.br\/blog\/#organization\"},\"image\":{\"@id\":\"https:\/\/integramkt.com.br\/blog\/gerenciamento-de-redes-sociais-em-minas-gerais\/#primaryimage\"},\"thumbnailUrl\":\"https:\/\/integramkt.com.br\/blog\/wp-content\/uploads\/2024\/07\/agencia-digitall31.webp\",\"articleSection\":[\"Uncategorized\"],\"inLanguage\":\"pt-BR\",\"potentialAction\":[{\"@type\":\"CommentAction\",\"name\":\"Comment\",\"target\":[\"https:\/\/integramkt.com.br\/blog\/gerenciamento-de-redes-sociais-em-minas-gerais\/#respond\"]}]},{\"@type\":\"WebPage\",\"@id\":\"https:\/\/integramkt.com.br\/blog\/gerenciamento-de-redes-sociais-em-minas-gerais\/\",\"url\":\"https:\/\/integramkt.com.br\/blog\/gerenciamento-de-redes-sociais-em-minas-gerais\/\",\"name\":\"Gerenciamento de Redes Sociais em Minas Gerais - IntegraMKT\",\"isPartOf\":{\"@id\":\"https:\/\/integramkt.com.br\/blog\/#website\"},\"primaryImageOfPage\":{\"@id\":\"https:\/\/integramkt.com.br\/blog\/gerenciamento-de-redes-sociais-em-minas-gerais\/#primaryimage\"},\"image\":{\"@id\":\"https:\/\/integramkt.com.br\/blog\/gerenciamento-de-redes-sociais-em-minas-gerais\/#primaryimage\"},\"thumbnailUrl\":\"https:\/\/integramkt.com.br\/blog\/wp-content\/uploads\/2024\/07\/agencia-digitall31.webp\",\"datePublished\":\"2024-10-30T03:03:29+00:00\",\"dateModified\":\"2024-10-30T03:03:29+00:00\",\"breadcrumb\":{\"@id\":\"https:\/\/integramkt.com.br\/blog\/gerenciamento-de-redes-sociais-em-minas-gerais\/#breadcrumb\"},\"inLanguage\":\"pt-BR\",\"potentialAction\":[{\"@type\":\"ReadAction\",\"target\":[\"https:\/\/integramkt.com.br\/blog\/gerenciamento-de-redes-sociais-em-minas-gerais\/\"]}]},{\"@type\":\"ImageObject\",\"inLanguage\":\"pt-BR\",\"@id\":\"https:\/\/integramkt.com.br\/blog\/gerenciamento-de-redes-sociais-em-minas-gerais\/#primaryimage\",\"url\":\"https:\/\/integramkt.com.br\/blog\/wp-content\/uploads\/2024\/07\/agencia-digitall31.webp\",\"contentUrl\":\"https:\/\/integramkt.com.br\/blog\/wp-content\/uploads\/2024\/07\/agencia-digitall31.webp\",\"width\":567,\"height\":396},{\"@type\":\"BreadcrumbList\",\"@id\":\"https:\/\/integramkt.com.br\/blog\/gerenciamento-de-redes-sociais-em-minas-gerais\/#breadcrumb\",\"itemListElement\":[{\"@type\":\"ListItem\",\"position\":1,\"name\":\"Home\",\"item\":\"https:\/\/integramkt.com.br\/blog\/\"},{\"@type\":\"ListItem\",\"position\":2,\"name\":\"Gerenciamento de Redes Sociais em Minas Gerais\"}]},{\"@type\":\"WebSite\",\"@id\":\"https:\/\/integramkt.com.br\/blog\/#website\",\"url\":\"https:\/\/integramkt.com.br\/blog\/\",\"name\":\"IntegraMKT\",\"description\":\"\",\"publisher\":{\"@id\":\"https:\/\/integramkt.com.br\/blog\/#organization\"},\"potentialAction\":[{\"@type\":\"SearchAction\",\"target\":{\"@type\":\"EntryPoint\",\"urlTemplate\":\"https:\/\/integramkt.com.br\/blog\/?s={search_term_string}\"},\"query-input\":\"required name=search_term_string\"}],\"inLanguage\":\"pt-BR\"},{\"@type\":\"Organization\",\"@id\":\"https:\/\/integramkt.com.br\/blog\/#organization\",\"name\":\"IntegraMKT\",\"url\":\"https:\/\/integramkt.com.br\/blog\/\",\"logo\":{\"@type\":\"ImageObject\",\"inLanguage\":\"pt-BR\",\"@id\":\"https:\/\/integramkt.com.br\/blog\/#\/schema\/logo\/image\/\",\"url\":\"https:\/\/integramkt.com.br\/blog\/wp-content\/uploads\/2024\/07\/logo.webp\",\"contentUrl\":\"https:\/\/integramkt.com.br\/blog\/wp-content\/uploads\/2024\/07\/logo.webp\",\"width\":986,\"height\":332,\"caption\":\"IntegraMKT\"},\"image\":{\"@id\":\"https:\/\/integramkt.com.br\/blog\/#\/schema\/logo\/image\/\"}},{\"@type\":\"Person\",\"@id\":\"https:\/\/integramkt.com.br\/blog\/#\/schema\/person\/98a7b085c0a727c94569c175ce296d33\",\"name\":\"admin\",\"image\":{\"@type\":\"ImageObject\",\"inLanguage\":\"pt-BR\",\"@id\":\"https:\/\/integramkt.com.br\/blog\/#\/schema\/person\/image\/\",\"url\":\"https:\/\/secure.gravatar.com\/avatar\/a87afd001906148e9da0d303ce9911bc7ab000b22776fcfb3258fa07d772ed75?s=96&d=mm&r=g\",\"contentUrl\":\"https:\/\/secure.gravatar.com\/avatar\/a87afd001906148e9da0d303ce9911bc7ab000b22776fcfb3258fa07d772ed75?s=96&d=mm&r=g\",\"caption\":\"admin\"},\"sameAs\":[\"https:\/\/integramkt.com.br\/blog\"],\"url\":\"https:\/\/integramkt.com.br\/blog\/author\/admin\/\"}]}<\/script>\n<!-- \/ Yoast SEO Premium plugin. -->","yoast_head_json":{"title":"Gerenciamento de Redes Sociais em Minas Gerais - IntegraMKT","robots":{"index":"index","follow":"follow","max-snippet":"max-snippet:-1","max-image-preview":"max-image-preview:large","max-video-preview":"max-video-preview:-1"},"canonical":"https:\/\/integramkt.com.br\/blog\/gerenciamento-de-redes-sociais-em-minas-gerais\/","og_locale":"pt_BR","og_type":"article","og_title":"Gerenciamento de Redes Sociais em Minas Gerais","og_description":"Gerenciamento de Redes Sociais em Minas Gerais Gerenciamento de Redes Sociais em Minas Gerais Introdu\u00e7\u00e3o ao Gerenciamento de Redes Sociais em MG Gerenciamento de Redes Sociais em Minas Gerais: Sua empresa em Minas Gerais est\u00e1 nas redes sociais? Hoje em dia, ter uma presen\u00e7a online forte \u00e9 essencial. No entanto, muitas empresas mineiras enfrentam dificuldades... Read More","og_url":"https:\/\/integramkt.com.br\/blog\/gerenciamento-de-redes-sociais-em-minas-gerais\/","og_site_name":"IntegraMKT","article_published_time":"2024-10-30T03:03:29+00:00","author":"admin","twitter_card":"summary_large_image","twitter_misc":{"Escrito por":"admin","Est. tempo de leitura":"3 minutos"},"schema":{"@context":"https:\/\/schema.org","@graph":[{"@type":"Article","@id":"https:\/\/integramkt.com.br\/blog\/gerenciamento-de-redes-sociais-em-minas-gerais\/#article","isPartOf":{"@id":"https:\/\/integramkt.com.br\/blog\/gerenciamento-de-redes-sociais-em-minas-gerais\/"},"author":{"name":"admin","@id":"https:\/\/integramkt.com.br\/blog\/#\/schema\/person\/98a7b085c0a727c94569c175ce296d33"},"headline":"Gerenciamento de Redes Sociais em Minas Gerais","datePublished":"2024-10-30T03:03:29+00:00","dateModified":"2024-10-30T03:03:29+00:00","mainEntityOfPage":{"@id":"https:\/\/integramkt.com.br\/blog\/gerenciamento-de-redes-sociais-em-minas-gerais\/"},"wordCount":689,"commentCount":0,"publisher":{"@id":"https:\/\/integramkt.com.br\/blog\/#organization"},"image":{"@id":"https:\/\/integramkt.com.br\/blog\/gerenciamento-de-redes-sociais-em-minas-gerais\/#primaryimage"},"thumbnailUrl":"https:\/\/integramkt.com.br\/blog\/wp-content\/uploads\/2024\/07\/agencia-digitall31.webp","articleSection":["Uncategorized"],"inLanguage":"pt-BR","potentialAction":[{"@type":"CommentAction","name":"Comment","target":["https:\/\/integramkt.com.br\/blog\/gerenciamento-de-redes-sociais-em-minas-gerais\/#respond"]}]},{"@type":"WebPage","@id":"https:\/\/integramkt.com.br\/blog\/gerenciamento-de-redes-sociais-em-minas-gerais\/","url":"https:\/\/integramkt.com.br\/blog\/gerenciamento-de-redes-sociais-em-minas-gerais\/","name":"Gerenciamento de Redes Sociais em Minas Gerais - IntegraMKT","isPartOf":{"@id":"https:\/\/integramkt.com.br\/blog\/#website"},"primaryImageOfPage":{"@id":"https:\/\/integramkt.com.br\/blog\/gerenciamento-de-redes-sociais-em-minas-gerais\/#primaryimage"},"image":{"@id":"https:\/\/integramkt.com.br\/blog\/gerenciamento-de-redes-sociais-em-minas-gerais\/#primaryimage"},"thumbnailUrl":"https:\/\/integramkt.com.br\/blog\/wp-content\/uploads\/2024\/07\/agencia-digitall31.webp","datePublished":"2024-10-30T03:03:29+00:00","dateModified":"2024-10-30T03:03:29+00:00","breadcrumb":{"@id":"https:\/\/integramkt.com.br\/blog\/gerenciamento-de-redes-sociais-em-minas-gerais\/#breadcrumb"},"inLanguage":"pt-BR","potentialAction":[{"@type":"ReadAction","target":["https:\/\/integramkt.com.br\/blog\/gerenciamento-de-redes-sociais-em-minas-gerais\/"]}]},{"@type":"ImageObject","inLanguage":"pt-BR","@id":"https:\/\/integramkt.com.br\/blog\/gerenciamento-de-redes-sociais-em-minas-gerais\/#primaryimage","url":"https:\/\/integramkt.com.br\/blog\/wp-content\/uploads\/2024\/07\/agencia-digitall31.webp","contentUrl":"https:\/\/integramkt.com.br\/blog\/wp-content\/uploads\/2024\/07\/agencia-digitall31.webp","width":567,"height":396},{"@type":"BreadcrumbList","@id":"https:\/\/integramkt.com.br\/blog\/gerenciamento-de-redes-sociais-em-minas-gerais\/#breadcrumb","itemListElement":[{"@type":"ListItem","position":1,"name":"Home","item":"https:\/\/integramkt.com.br\/blog\/"},{"@type":"ListItem","position":2,"name":"Gerenciamento de Redes Sociais em Minas Gerais"}]},{"@type":"WebSite","@id":"https:\/\/integramkt.com.br\/blog\/#website","url":"https:\/\/integramkt.com.br\/blog\/","name":"IntegraMKT","description":"","publisher":{"@id":"https:\/\/integramkt.com.br\/blog\/#organization"},"potentialAction":[{"@type":"SearchAction","target":{"@type":"EntryPoint","urlTemplate":"https:\/\/integramkt.com.br\/blog\/?s={search_term_string}"},"query-input":"required name=search_term_string"}],"inLanguage":"pt-BR"},{"@type":"Organization","@id":"https:\/\/integramkt.com.br\/blog\/#organization","name":"IntegraMKT","url":"https:\/\/integramkt.com.br\/blog\/","logo":{"@type":"ImageObject","inLanguage":"pt-BR","@id":"https:\/\/integramkt.com.br\/blog\/#\/schema\/logo\/image\/","url":"https:\/\/integramkt.com.br\/blog\/wp-content\/uploads\/2024\/07\/logo.webp","contentUrl":"https:\/\/integramkt.com.br\/blog\/wp-content\/uploads\/2024\/07\/logo.webp","width":986,"height":332,"caption":"IntegraMKT"},"image":{"@id":"https:\/\/integramkt.com.br\/blog\/#\/schema\/logo\/image\/"}},{"@type":"Person","@id":"https:\/\/integramkt.com.br\/blog\/#\/schema\/person\/98a7b085c0a727c94569c175ce296d33","name":"admin","image":{"@type":"ImageObject","inLanguage":"pt-BR","@id":"https:\/\/integramkt.com.br\/blog\/#\/schema\/person\/image\/","url":"https:\/\/secure.gravatar.com\/avatar\/a87afd001906148e9da0d303ce9911bc7ab000b22776fcfb3258fa07d772ed75?s=96&d=mm&r=g","contentUrl":"https:\/\/secure.gravatar.com\/avatar\/a87afd001906148e9da0d303ce9911bc7ab000b22776fcfb3258fa07d772ed75?s=96&d=mm&r=g","caption":"admin"},"sameAs":["https:\/\/integramkt.com.br\/blog"],"url":"https:\/\/integramkt.com.br\/blog\/author\/admin\/"}]}},"_links":{"self":[{"href":"https:\/\/integramkt.com.br\/blog\/wp-json\/wp\/v2\/posts\/915","targetHints":{"allow":["GET"]}}],"collection":[{"href":"https:\/\/integramkt.com.br\/blog\/wp-json\/wp\/v2\/posts"}],"about":[{"href":"https:\/\/integramkt.com.br\/blog\/wp-json\/wp\/v2\/types\/post"}],"author":[{"embeddable":true,"href":"https:\/\/integramkt.com.br\/blog\/wp-json\/wp\/v2\/users\/1"}],"replies":[{"embeddable":true,"href":"https:\/\/integramkt.com.br\/blog\/wp-json\/wp\/v2\/comments?post=915"}],"version-history":[{"count":0,"href":"https:\/\/integramkt.com.br\/blog\/wp-json\/wp\/v2\/posts\/915\/revisions"}],"wp:featuredmedia":[{"embeddable":true,"href":"https:\/\/integramkt.com.br\/blog\/wp-json\/wp\/v2\/media\/38"}],"wp:attachment":[{"href":"https:\/\/integramkt.com.br\/blog\/wp-json\/wp\/v2\/media?parent=915"}],"wp:term":[{"taxonomy":"category","embeddable":true,"href":"https:\/\/integramkt.com.br\/blog\/wp-json\/wp\/v2\/categories?post=915"},{"taxonomy":"post_tag","embeddable":true,"href":"https:\/\/integramkt.com.br\/blog\/wp-json\/wp\/v2\/tags?post=915"}],"curies":[{"name":"wp","href":"https:\/\/api.w.org\/{rel}","templated":true}]}}